{"id":60,"date":"2025-07-29T21:31:12","date_gmt":"2025-07-30T03:31:12","guid":{"rendered":"https:\/\/demo.rivaxstudio.com\/kalisa\/main\/?p=60"},"modified":"2025-07-29T21:31:12","modified_gmt":"2025-07-30T03:31:12","slug":"en-temporada-de-calor-preve-afetaciones-a-la-salud-por-la-contaminacion","status":"publish","type":"post","link":"https:\/\/informandotedigital.com\/index.php\/2025\/07\/29\/en-temporada-de-calor-preve-afetaciones-a-la-salud-por-la-contaminacion\/","title":{"rendered":"En temporada de calor preve\u0301 afetaciones a la salud por la contaminacio\u0301n"},"content":{"rendered":"\n<p class=\"wp-block-paragraph\">En M\u00e9xico el crecimiento de los centros urbanos ha generado espacios donde la poblaci\u00f3n se ve obligada a transitar o vivir debido a la oferta laboral o los espacio de distribuci\u00f3n comercial, debido a esto, se incrementa el transito de transportes p\u00fablicos o privados, lo que a su vez produce un efecto contaminante por el uso de combustibles f\u00f3siles.<\/p>\n\n\n\n<p class=\"wp-block-paragraph\">La contaminaci\u00f3n es generada cuando se concentran sustancias en la atm\u00f3sfera tales como gases, humos, vapores o particulas, conforme a datos de la Organizaci\u00f3n Mundial de la Salud (OMS), cada a\u00f1o 6 millones de personas pierden la vida por los efectos adversos en la calidad del aire, sin mencionar que el da\u00f1o al ambiente genera cambios clim\u00e1ticos dificiles de resolver a corto plazo.<\/p>\n\n\n\n<hr class=\"wp-block-separator has-alpha-channel-opacity is-style-wide\"\/>\n\n\n\n<h3 class=\"wp-block-heading\">Sin embargo para la generaci\u00f3n de contaminaci\u00f3n atmosf\u00e9rica, tambi\u00e9n existen factores naturales, como las tolvaneras generadas por el viento, los incendios forestales, tormentas el\u00e9ctricas o erupciones volc\u00e1nicas, que sumados a la urbanizaci\u00f3n descontrolada, la alteraci\u00f3n del suelo y el uso de productos quimicos agresivos en la generaci\u00f3n de alimentos, aceleran a\u00fan mas este proceso. <\/h3>\n\n\n\n<p class=\"wp-block-paragraph\"><br>A nivel nacional, la Ciudad de M\u00e9xico ha sido un ejemplo de iniciativa en la medici\u00f3n de los factores de riesgo para la poblaci\u00f3n:<\/p>\n\n\n\n<ul class=\"wp-block-list\">\n<li>En 1940 El Observatorio Nacional de Tacubaya media los niveles de<br>contaminaci\u00f3n con un simple ejercicio, mirar al horizonte y se\u00f1alar la<br>visibilidad de 4 a 10 km, lo que indicaba el grado de contaminaci\u00f3n.<\/li>\n\n\n\n<li>Para 1950 la Direcci\u00f3n de Higiene Industrial de la Secretar\u00eda de<br>Salubridad y Asistencia confirmo la presencia de contaminantes, lo que<br>genero que se instalar\u00e1n 10 estaciones de medici\u00f3n.<\/li>\n\n\n\n<li>Actualmente se cuentan con 40 estaciones de medici\u00f3n, las cu\u00e1les<br>puedes consultar diariamente en http:\/\/www.aire.cdmx.gob.mx\/default.php<br>Hoy en d\u00eda se estima que la poblaci\u00f3n total en M\u00e9xico es de 131 millones de<br>personas, las cuales, se concentran en las zonas urbanas de las grandes<br>regiones comerciales y el pa\u00eds enfrenta un proceso de cambio a energ\u00edas<br>renovables y no contaminantes que mejoren las condiciones de vida de la<br>poblaci\u00f3n y eviten afectaciones a su salud, pero por nuestra parte, podemos<br>tomar medidas que ayuden a mejorar nuestra calidad de vida con las siguientes.<\/li>\n<\/ul>\n\n\n\n<p class=\"wp-block-paragraph\"><strong>Recomendaciones:<\/strong><\/p>\n\n\n\n<p class=\"wp-block-paragraph\">Si te encuentras en zonas forestales en las grandes ciudades, evita la<br>quema de pastizales o denuncia si eres testigos de alguna quema ilegal.<br>Todos somos un factor de cambio en el cuidado del ambiente y la prevenci\u00f3n de<br>enfermedades por los procesos de contaminaci\u00f3n ambiental, reduciendo nuestra<br>dependencia de transportes t\u00e9rmicos o combustibles f\u00f3siles, ayudamos a cuidar<br>de los dem\u00e1s.<\/p>\n\n\n\n<p class=\"wp-block-paragraph\">Utiliza transporte p\u00fablico la mayor parte del tiempo, con ello utilizas menos<br>el auto y reduces los efectos contaminantes de los combustibles.<\/p>\n\n\n\n<p class=\"wp-block-paragraph\">En trayectos peque\u00f1os y si tus actividades te lo permiten, haz uso de la<br>bicicleta o un transporte motriz que no utilice combustible, en los centros<br>urbanos existen tarjetas de movilidad que te permiten acceder a ellos<br>mediante su renta temporal.<\/p>\n\n\n\n<p class=\"wp-block-paragraph\">En condiciones de contaminaci\u00f3n severa, usa tapabocas para poder filtrar<br>particulas que afecten tu salud.<\/p>\n\n\n\n<p class=\"wp-block-paragraph\">En d\u00edas de mayor calor o concetraci\u00f3n de contaminantes, evita actividades<br>deportivas al aire libre.<\/p>\n\n\n\n<figure class=\"wp-block-image size-large\"><img fetchpriority=\"high\" decoding=\"async\" width=\"768\" height=\"1024\" src=\"https:\/\/informandotedigital.com\/wp-content\/uploads\/2022\/07\/IMG_3241-2-2-768x1024.jpg\" alt=\"\" class=\"wp-image-1146\" srcset=\"https:\/\/informandotedigital.com\/wp-content\/uploads\/2022\/07\/IMG_3241-2-2-768x1024.jpg 768w, https:\/\/informandotedigital.com\/wp-content\/uploads\/2022\/07\/IMG_3241-2-2-225x300.jpg 225w, https:\/\/informandotedigital.com\/wp-content\/uploads\/2022\/07\/IMG_3241-2-2-1152x1536.jpg 1152w, https:\/\/informandotedigital.com\/wp-content\/uploads\/2022\/07\/IMG_3241-2-2-1536x2048.jpg 1536w, https:\/\/informandotedigital.com\/wp-content\/uploads\/2022\/07\/IMG_3241-2-2-450x600.jpg 450w, https:\/\/informandotedigital.com\/wp-content\/uploads\/2022\/07\/IMG_3241-2-2-700x933.jpg 700w, https:\/\/informandotedigital.com\/wp-content\/uploads\/2022\/07\/IMG_3241-2-2-600x800.jpg 600w, https:\/\/informandotedigital.com\/wp-content\/uploads\/2022\/07\/IMG_3241-2-2-scaled.jpg 1920w\" sizes=\"(max-width: 768px) 100vw, 768px\" \/><\/figure>\n","protected":false},"excerpt":{"rendered":"<p>En M\u00e9xico el crecimiento de los centros urbanos ha generado espacios donde la poblaci\u00f3n se ve obligada a transitar o vivir debido a la oferta laboral o los espacio de distribuci\u00f3n comercial, debido a esto, se incrementa el transito de transportes p\u00fablicos o privados, lo que a su vez produce un efecto contaminante por el [&hellip;]<\/p>\n","protected":false},"author":1,"featured_media":1137,"comment_status":"open","ping_status":"open","sticky":false,"template":"","format":"standard","meta":{"_uf_show_specific_survey":0,"_uf_disable_surveys":false,"iawp_total_views":0,"footnotes":""},"categories":[22],"tags":[73],"class_list":["post-60","post","type-post","status-publish","format-standard","has-post-thumbnail","hentry","category-salud","tag-en-temporada-de-calor-preve-afetaciones-a-la-salud-por-la-contaminacion"],"aioseo_notices":[],"aioseo_head":"\n\t\t<!-- All in One SEO 4.9.9 - aioseo.com -->\n\t<meta name=\"description\" content=\"En M\u00e9xico el crecimiento de los centros urbanos ha generado espacios donde la poblaci\u00f3n se ve obligada a transitar o vivir debido a la oferta laboral o los espacio de distribuci\u00f3n comercial, debido a esto, se incrementa el transito de transportes p\u00fablicos o privados, lo que a su vez produce un efecto contaminante por el\" \/>\n\t<meta name=\"robots\" content=\"max-image-preview:large\" \/>\n\t<meta name=\"author\" content=\"admin\"\/>\n\t<link rel=\"canonical\" href=\"https:\/\/informandotedigital.com\/index.php\/2025\/07\/29\/en-temporada-de-calor-preve-afetaciones-a-la-salud-por-la-contaminacion\/\" \/>\n\t<meta name=\"generator\" content=\"All in One SEO (AIOSEO) 4.9.9\" \/>\n\t\t<meta property=\"og:locale\" content=\"es_ES\" \/>\n\t\t<meta property=\"og:site_name\" content=\"INFORMANDOTEDIGITAL - INFORMANDOTEDIGITAL\" \/>\n\t\t<meta property=\"og:type\" content=\"article\" \/>\n\t\t<meta property=\"og:title\" content=\"En temporada de calor preve\u0301 afetaciones a la salud por la contaminacio\u0301n - INFORMANDOTEDIGITAL\" \/>\n\t\t<meta property=\"og:description\" content=\"En M\u00e9xico el crecimiento de los centros urbanos ha generado espacios donde la poblaci\u00f3n se ve obligada a transitar o vivir debido a la oferta laboral o los espacio de distribuci\u00f3n comercial, debido a esto, se incrementa el transito de transportes p\u00fablicos o privados, lo que a su vez produce un efecto contaminante por el\" \/>\n\t\t<meta property=\"og:url\" content=\"https:\/\/informandotedigital.com\/index.php\/2025\/07\/29\/en-temporada-de-calor-preve-afetaciones-a-la-salud-por-la-contaminacion\/\" \/>\n\t\t<meta property=\"article:published_time\" content=\"2025-07-30T03:31:12+00:00\" \/>\n\t\t<meta property=\"article:modified_time\" content=\"2025-07-30T03:31:12+00:00\" \/>\n\t\t<meta name=\"twitter:card\" content=\"summary_large_image\" \/>\n\t\t<meta name=\"twitter:title\" content=\"En temporada de calor preve\u0301 afetaciones a la salud por la contaminacio\u0301n - INFORMANDOTEDIGITAL\" \/>\n\t\t<meta name=\"twitter:description\" content=\"En M\u00e9xico el crecimiento de los centros urbanos ha generado espacios donde la poblaci\u00f3n se ve obligada a transitar o vivir debido a la oferta laboral o los espacio de distribuci\u00f3n comercial, debido a esto, se incrementa el transito de transportes p\u00fablicos o privados, lo que a su vez produce un efecto contaminante por el\" \/>\n\t\t<script type=\"application\/ld+json\" class=\"aioseo-schema\">\n\t\t\t{\"@context\":\"https:\\\/\\\/schema.org\",\"@graph\":[{\"@type\":\"BlogPosting\",\"@id\":\"https:\\\/\\\/informandotedigital.com\\\/index.php\\\/2025\\\/07\\\/29\\\/en-temporada-de-calor-preve-afetaciones-a-la-salud-por-la-contaminacion\\\/#blogposting\",\"name\":\"En temporada de calor preve\\u0301 afetaciones a la salud por la contaminacio\\u0301n - INFORMANDOTEDIGITAL\",\"headline\":\"En temporada de calor preve\\u0301 afetaciones a la salud por la contaminacio\\u0301n\",\"author\":{\"@id\":\"https:\\\/\\\/informandotedigital.com\\\/index.php\\\/author\\\/informa\\\/#author\"},\"publisher\":{\"@id\":\"https:\\\/\\\/informandotedigital.com\\\/#organization\"},\"image\":{\"@type\":\"ImageObject\",\"url\":\"https:\\\/\\\/informandotedigital.com\\\/wp-content\\\/uploads\\\/2022\\\/07\\\/ChatGPT-Ciudad.png\",\"width\":1024,\"height\":1536},\"datePublished\":\"2025-07-29T21:31:12-06:00\",\"dateModified\":\"2025-07-29T21:31:12-06:00\",\"inLanguage\":\"es-ES\",\"mainEntityOfPage\":{\"@id\":\"https:\\\/\\\/informandotedigital.com\\\/index.php\\\/2025\\\/07\\\/29\\\/en-temporada-de-calor-preve-afetaciones-a-la-salud-por-la-contaminacion\\\/#webpage\"},\"isPartOf\":{\"@id\":\"https:\\\/\\\/informandotedigital.com\\\/index.php\\\/2025\\\/07\\\/29\\\/en-temporada-de-calor-preve-afetaciones-a-la-salud-por-la-contaminacion\\\/#webpage\"},\"articleSection\":\"SALUD, En temporada de calor preve\\u0301 afetaciones a la salud por la contaminacio\\u0301n\"},{\"@type\":\"BreadcrumbList\",\"@id\":\"https:\\\/\\\/informandotedigital.com\\\/index.php\\\/2025\\\/07\\\/29\\\/en-temporada-de-calor-preve-afetaciones-a-la-salud-por-la-contaminacion\\\/#breadcrumblist\",\"itemListElement\":[{\"@type\":\"ListItem\",\"@id\":\"https:\\\/\\\/informandotedigital.com#listItem\",\"position\":1,\"name\":\"Home\",\"item\":\"https:\\\/\\\/informandotedigital.com\",\"nextItem\":{\"@type\":\"ListItem\",\"@id\":\"https:\\\/\\\/informandotedigital.com\\\/index.php\\\/category\\\/salud\\\/#listItem\",\"name\":\"SALUD\"}},{\"@type\":\"ListItem\",\"@id\":\"https:\\\/\\\/informandotedigital.com\\\/index.php\\\/category\\\/salud\\\/#listItem\",\"position\":2,\"name\":\"SALUD\",\"item\":\"https:\\\/\\\/informandotedigital.com\\\/index.php\\\/category\\\/salud\\\/\",\"nextItem\":{\"@type\":\"ListItem\",\"@id\":\"https:\\\/\\\/informandotedigital.com\\\/index.php\\\/2025\\\/07\\\/29\\\/en-temporada-de-calor-preve-afetaciones-a-la-salud-por-la-contaminacion\\\/#listItem\",\"name\":\"En temporada de calor preve\\u0301 afetaciones a la salud por la contaminacio\\u0301n\"},\"previousItem\":{\"@type\":\"ListItem\",\"@id\":\"https:\\\/\\\/informandotedigital.com#listItem\",\"name\":\"Home\"}},{\"@type\":\"ListItem\",\"@id\":\"https:\\\/\\\/informandotedigital.com\\\/index.php\\\/2025\\\/07\\\/29\\\/en-temporada-de-calor-preve-afetaciones-a-la-salud-por-la-contaminacion\\\/#listItem\",\"position\":3,\"name\":\"En temporada de calor preve\\u0301 afetaciones a la salud por la contaminacio\\u0301n\",\"previousItem\":{\"@type\":\"ListItem\",\"@id\":\"https:\\\/\\\/informandotedigital.com\\\/index.php\\\/category\\\/salud\\\/#listItem\",\"name\":\"SALUD\"}}]},{\"@type\":\"Organization\",\"@id\":\"https:\\\/\\\/informandotedigital.com\\\/#organization\",\"name\":\"INFORMANDOTEDIGITAL\",\"description\":\"INFORMANDOTEDIGITAL\",\"url\":\"https:\\\/\\\/informandotedigital.com\\\/\"},{\"@type\":\"Person\",\"@id\":\"https:\\\/\\\/informandotedigital.com\\\/index.php\\\/author\\\/informa\\\/#author\",\"url\":\"https:\\\/\\\/informandotedigital.com\\\/index.php\\\/author\\\/informa\\\/\",\"name\":\"admin\"},{\"@type\":\"WebPage\",\"@id\":\"https:\\\/\\\/informandotedigital.com\\\/index.php\\\/2025\\\/07\\\/29\\\/en-temporada-de-calor-preve-afetaciones-a-la-salud-por-la-contaminacion\\\/#webpage\",\"url\":\"https:\\\/\\\/informandotedigital.com\\\/index.php\\\/2025\\\/07\\\/29\\\/en-temporada-de-calor-preve-afetaciones-a-la-salud-por-la-contaminacion\\\/\",\"name\":\"En temporada de calor preve\\u0301 afetaciones a la salud por la contaminacio\\u0301n - INFORMANDOTEDIGITAL\",\"description\":\"En M\\u00e9xico el crecimiento de los centros urbanos ha generado espacios donde la poblaci\\u00f3n se ve obligada a transitar o vivir debido a la oferta laboral o los espacio de distribuci\\u00f3n comercial, debido a esto, se incrementa el transito de transportes p\\u00fablicos o privados, lo que a su vez produce un efecto contaminante por el\",\"inLanguage\":\"es-ES\",\"isPartOf\":{\"@id\":\"https:\\\/\\\/informandotedigital.com\\\/#website\"},\"breadcrumb\":{\"@id\":\"https:\\\/\\\/informandotedigital.com\\\/index.php\\\/2025\\\/07\\\/29\\\/en-temporada-de-calor-preve-afetaciones-a-la-salud-por-la-contaminacion\\\/#breadcrumblist\"},\"author\":{\"@id\":\"https:\\\/\\\/informandotedigital.com\\\/index.php\\\/author\\\/informa\\\/#author\"},\"creator\":{\"@id\":\"https:\\\/\\\/informandotedigital.com\\\/index.php\\\/author\\\/informa\\\/#author\"},\"image\":{\"@type\":\"ImageObject\",\"url\":\"https:\\\/\\\/informandotedigital.com\\\/wp-content\\\/uploads\\\/2022\\\/07\\\/ChatGPT-Ciudad.png\",\"@id\":\"https:\\\/\\\/informandotedigital.com\\\/index.php\\\/2025\\\/07\\\/29\\\/en-temporada-de-calor-preve-afetaciones-a-la-salud-por-la-contaminacion\\\/#mainImage\",\"width\":1024,\"height\":1536},\"primaryImageOfPage\":{\"@id\":\"https:\\\/\\\/informandotedigital.com\\\/index.php\\\/2025\\\/07\\\/29\\\/en-temporada-de-calor-preve-afetaciones-a-la-salud-por-la-contaminacion\\\/#mainImage\"},\"datePublished\":\"2025-07-29T21:31:12-06:00\",\"dateModified\":\"2025-07-29T21:31:12-06:00\"},{\"@type\":\"WebSite\",\"@id\":\"https:\\\/\\\/informandotedigital.com\\\/#website\",\"url\":\"https:\\\/\\\/informandotedigital.com\\\/\",\"name\":\"INFORMANDOTEDIGITAL\",\"description\":\"INFORMANDOTEDIGITAL\",\"inLanguage\":\"es-ES\",\"publisher\":{\"@id\":\"https:\\\/\\\/informandotedigital.com\\\/#organization\"}}]}\n\t\t<\/script>\n\t\t<!-- All in One SEO -->\n\n","aioseo_head_json":{"title":"En temporada de calor preve\u0301 afetaciones a la salud por la contaminacio\u0301n - INFORMANDOTEDIGITAL","description":"En M\u00e9xico el crecimiento de los centros urbanos ha generado espacios donde la poblaci\u00f3n se ve obligada a transitar o vivir debido a la oferta laboral o los espacio de distribuci\u00f3n comercial, debido a esto, se incrementa el transito de transportes p\u00fablicos o privados, lo que a su vez produce un efecto contaminante por el","canonical_url":"https:\/\/informandotedigital.com\/index.php\/2025\/07\/29\/en-temporada-de-calor-preve-afetaciones-a-la-salud-por-la-contaminacion\/","robots":"max-image-preview:large","keywords":"","webmasterTools":{"miscellaneous":""},"schema":{"@context":"https:\/\/schema.org","@graph":[{"@type":"BlogPosting","@id":"https:\/\/informandotedigital.com\/index.php\/2025\/07\/29\/en-temporada-de-calor-preve-afetaciones-a-la-salud-por-la-contaminacion\/#blogposting","name":"En temporada de calor preve\u0301 afetaciones a la salud por la contaminacio\u0301n - INFORMANDOTEDIGITAL","headline":"En temporada de calor preve\u0301 afetaciones a la salud por la contaminacio\u0301n","author":{"@id":"https:\/\/informandotedigital.com\/index.php\/author\/informa\/#author"},"publisher":{"@id":"https:\/\/informandotedigital.com\/#organization"},"image":{"@type":"ImageObject","url":"https:\/\/informandotedigital.com\/wp-content\/uploads\/2022\/07\/ChatGPT-Ciudad.png","width":1024,"height":1536},"datePublished":"2025-07-29T21:31:12-06:00","dateModified":"2025-07-29T21:31:12-06:00","inLanguage":"es-ES","mainEntityOfPage":{"@id":"https:\/\/informandotedigital.com\/index.php\/2025\/07\/29\/en-temporada-de-calor-preve-afetaciones-a-la-salud-por-la-contaminacion\/#webpage"},"isPartOf":{"@id":"https:\/\/informandotedigital.com\/index.php\/2025\/07\/29\/en-temporada-de-calor-preve-afetaciones-a-la-salud-por-la-contaminacion\/#webpage"},"articleSection":"SALUD, En temporada de calor preve\u0301 afetaciones a la salud por la contaminacio\u0301n"},{"@type":"BreadcrumbList","@id":"https:\/\/informandotedigital.com\/index.php\/2025\/07\/29\/en-temporada-de-calor-preve-afetaciones-a-la-salud-por-la-contaminacion\/#breadcrumblist","itemListElement":[{"@type":"ListItem","@id":"https:\/\/informandotedigital.com#listItem","position":1,"name":"Home","item":"https:\/\/informandotedigital.com","nextItem":{"@type":"ListItem","@id":"https:\/\/informandotedigital.com\/index.php\/category\/salud\/#listItem","name":"SALUD"}},{"@type":"ListItem","@id":"https:\/\/informandotedigital.com\/index.php\/category\/salud\/#listItem","position":2,"name":"SALUD","item":"https:\/\/informandotedigital.com\/index.php\/category\/salud\/","nextItem":{"@type":"ListItem","@id":"https:\/\/informandotedigital.com\/index.php\/2025\/07\/29\/en-temporada-de-calor-preve-afetaciones-a-la-salud-por-la-contaminacion\/#listItem","name":"En temporada de calor preve\u0301 afetaciones a la salud por la contaminacio\u0301n"},"previousItem":{"@type":"ListItem","@id":"https:\/\/informandotedigital.com#listItem","name":"Home"}},{"@type":"ListItem","@id":"https:\/\/informandotedigital.com\/index.php\/2025\/07\/29\/en-temporada-de-calor-preve-afetaciones-a-la-salud-por-la-contaminacion\/#listItem","position":3,"name":"En temporada de calor preve\u0301 afetaciones a la salud por la contaminacio\u0301n","previousItem":{"@type":"ListItem","@id":"https:\/\/informandotedigital.com\/index.php\/category\/salud\/#listItem","name":"SALUD"}}]},{"@type":"Organization","@id":"https:\/\/informandotedigital.com\/#organization","name":"INFORMANDOTEDIGITAL","description":"INFORMANDOTEDIGITAL","url":"https:\/\/informandotedigital.com\/"},{"@type":"Person","@id":"https:\/\/informandotedigital.com\/index.php\/author\/informa\/#author","url":"https:\/\/informandotedigital.com\/index.php\/author\/informa\/","name":"admin"},{"@type":"WebPage","@id":"https:\/\/informandotedigital.com\/index.php\/2025\/07\/29\/en-temporada-de-calor-preve-afetaciones-a-la-salud-por-la-contaminacion\/#webpage","url":"https:\/\/informandotedigital.com\/index.php\/2025\/07\/29\/en-temporada-de-calor-preve-afetaciones-a-la-salud-por-la-contaminacion\/","name":"En temporada de calor preve\u0301 afetaciones a la salud por la contaminacio\u0301n - INFORMANDOTEDIGITAL","description":"En M\u00e9xico el crecimiento de los centros urbanos ha generado espacios donde la poblaci\u00f3n se ve obligada a transitar o vivir debido a la oferta laboral o los espacio de distribuci\u00f3n comercial, debido a esto, se incrementa el transito de transportes p\u00fablicos o privados, lo que a su vez produce un efecto contaminante por el","inLanguage":"es-ES","isPartOf":{"@id":"https:\/\/informandotedigital.com\/#website"},"breadcrumb":{"@id":"https:\/\/informandotedigital.com\/index.php\/2025\/07\/29\/en-temporada-de-calor-preve-afetaciones-a-la-salud-por-la-contaminacion\/#breadcrumblist"},"author":{"@id":"https:\/\/informandotedigital.com\/index.php\/author\/informa\/#author"},"creator":{"@id":"https:\/\/informandotedigital.com\/index.php\/author\/informa\/#author"},"image":{"@type":"ImageObject","url":"https:\/\/informandotedigital.com\/wp-content\/uploads\/2022\/07\/ChatGPT-Ciudad.png","@id":"https:\/\/informandotedigital.com\/index.php\/2025\/07\/29\/en-temporada-de-calor-preve-afetaciones-a-la-salud-por-la-contaminacion\/#mainImage","width":1024,"height":1536},"primaryImageOfPage":{"@id":"https:\/\/informandotedigital.com\/index.php\/2025\/07\/29\/en-temporada-de-calor-preve-afetaciones-a-la-salud-por-la-contaminacion\/#mainImage"},"datePublished":"2025-07-29T21:31:12-06:00","dateModified":"2025-07-29T21:31:12-06:00"},{"@type":"WebSite","@id":"https:\/\/informandotedigital.com\/#website","url":"https:\/\/informandotedigital.com\/","name":"INFORMANDOTEDIGITAL","description":"INFORMANDOTEDIGITAL","inLanguage":"es-ES","publisher":{"@id":"https:\/\/informandotedigital.com\/#organization"}}]},"og:locale":"es_ES","og:site_name":"INFORMANDOTEDIGITAL - INFORMANDOTEDIGITAL","og:type":"article","og:title":"En temporada de calor preve\u0301 afetaciones a la salud por la contaminacio\u0301n - INFORMANDOTEDIGITAL","og:description":"En M\u00e9xico el crecimiento de los centros urbanos ha generado espacios donde la poblaci\u00f3n se ve obligada a transitar o vivir debido a la oferta laboral o los espacio de distribuci\u00f3n comercial, debido a esto, se incrementa el transito de transportes p\u00fablicos o privados, lo que a su vez produce un efecto contaminante por el","og:url":"https:\/\/informandotedigital.com\/index.php\/2025\/07\/29\/en-temporada-de-calor-preve-afetaciones-a-la-salud-por-la-contaminacion\/","article:published_time":"2025-07-30T03:31:12+00:00","article:modified_time":"2025-07-30T03:31:12+00:00","twitter:card":"summary_large_image","twitter:title":"En temporada de calor preve\u0301 afetaciones a la salud por la contaminacio\u0301n - INFORMANDOTEDIGITAL","twitter:description":"En M\u00e9xico el crecimiento de los centros urbanos ha generado espacios donde la poblaci\u00f3n se ve obligada a transitar o vivir debido a la oferta laboral o los espacio de distribuci\u00f3n comercial, debido a esto, se incrementa el transito de transportes p\u00fablicos o privados, lo que a su vez produce un efecto contaminante por el"},"aioseo_meta_data":{"post_id":"60","title":null,"description":null,"keywords":null,"keyphrases":{"focus":{"keyphrase":"","score":0,"analysis":{"keyphraseInTitle":{"score":0,"maxScore":9,"error":1}}},"additional":[]},"primary_term":null,"canonical_url":null,"og_title":null,"og_description":null,"og_object_type":"default","og_image_type":"default","og_image_url":null,"og_image_width":null,"og_image_height":null,"og_image_custom_url":null,"og_image_custom_fields":null,"og_video":"","og_custom_url":null,"og_article_section":null,"og_article_tags":null,"twitter_use_og":false,"twitter_card":"default","twitter_image_type":"default","twitter_image_url":null,"twitter_image_custom_url":null,"twitter_image_custom_fields":null,"twitter_title":null,"twitter_description":null,"schema":{"blockGraphs":[],"customGraphs":[],"default":{"data":{"Article":[],"Course":[],"Dataset":[],"FAQPage":[],"Movie":[],"Person":[],"Product":[],"ProductReview":[],"Car":[],"Recipe":[],"Service":[],"SoftwareApplication":[],"WebPage":[]},"graphName":"BlogPosting","isEnabled":true},"graphs":[]},"schema_type":"default","schema_type_options":null,"pillar_content":false,"robots_default":true,"robots_noindex":false,"robots_noarchive":false,"robots_nosnippet":false,"robots_nofollow":false,"robots_noimageindex":false,"robots_noodp":false,"robots_notranslate":false,"robots_max_snippet":"-1","robots_max_videopreview":"-1","robots_max_imagepreview":"large","priority":null,"frequency":"default","local_seo":null,"breadcrumb_settings":null,"limit_modified_date":false,"ai":{"faqs":[],"keyPoints":[],"titles":[],"descriptions":[],"socialPosts":{"email":[],"linkedin":[],"twitter":[],"facebook":[],"instagram":[]}},"created":"2025-06-16 12:51:20","updated":"2025-07-30 03:48:47","seo_analyzer_scan_date":null},"aioseo_breadcrumb":"<div class=\"aioseo-breadcrumbs\"><span class=\"aioseo-breadcrumb\">\n\t\t\t<a href=\"https:\/\/informandotedigital.com\" title=\"Home\">Home<\/a>\n\t\t<\/span><span class=\"aioseo-breadcrumb-separator\">&raquo;<\/span><span class=\"aioseo-breadcrumb\">\n\t\t\t<a href=\"https:\/\/informandotedigital.com\/index.php\/category\/salud\/\" title=\"SALUD\">SALUD<\/a>\n\t\t<\/span><span class=\"aioseo-breadcrumb-separator\">&raquo;<\/span><span class=\"aioseo-breadcrumb\">\n\t\t\tEn temporada de calor preve\u0301 afetaciones a la salud por la contaminacio\u0301n\n\t\t<\/span><\/div>","aioseo_breadcrumb_json":[{"label":"Home","link":"https:\/\/informandotedigital.com"},{"label":"SALUD","link":"https:\/\/informandotedigital.com\/index.php\/category\/salud\/"},{"label":"En temporada de calor preve\u0301 afetaciones a la salud por la contaminacio\u0301n","link":"https:\/\/informandotedigital.com\/index.php\/2025\/07\/29\/en-temporada-de-calor-preve-afetaciones-a-la-salud-por-la-contaminacion\/"}],"_links":{"self":[{"href":"https:\/\/informandotedigital.com\/index.php\/wp-json\/wp\/v2\/posts\/60","targetHints":{"allow":["GET"]}}],"collection":[{"href":"https:\/\/informandotedigital.com\/index.php\/wp-json\/wp\/v2\/posts"}],"about":[{"href":"https:\/\/informandotedigital.com\/index.php\/wp-json\/wp\/v2\/types\/post"}],"author":[{"embeddable":true,"href":"https:\/\/informandotedigital.com\/index.php\/wp-json\/wp\/v2\/users\/1"}],"replies":[{"embeddable":true,"href":"https:\/\/informandotedigital.com\/index.php\/wp-json\/wp\/v2\/comments?post=60"}],"version-history":[{"count":5,"href":"https:\/\/informandotedigital.com\/index.php\/wp-json\/wp\/v2\/posts\/60\/revisions"}],"predecessor-version":[{"id":1147,"href":"https:\/\/informandotedigital.com\/index.php\/wp-json\/wp\/v2\/posts\/60\/revisions\/1147"}],"wp:featuredmedia":[{"embeddable":true,"href":"https:\/\/informandotedigital.com\/index.php\/wp-json\/wp\/v2\/media\/1137"}],"wp:attachment":[{"href":"https:\/\/informandotedigital.com\/index.php\/wp-json\/wp\/v2\/media?parent=60"}],"wp:term":[{"taxonomy":"category","embeddable":true,"href":"https:\/\/informandotedigital.com\/index.php\/wp-json\/wp\/v2\/categories?post=60"},{"taxonomy":"post_tag","embeddable":true,"href":"https:\/\/informandotedigital.com\/index.php\/wp-json\/wp\/v2\/tags?post=60"}],"curies":[{"name":"wp","href":"https:\/\/api.w.org\/{rel}","templated":true}]}}